{"id":1703,"date":"2022-09-29T17:37:30","date_gmt":"2022-09-29T17:37:30","guid":{"rendered":"http:\/\/agnk.lidedigital.com.br\/?p=1703"},"modified":"2022-09-29T17:37:30","modified_gmt":"2022-09-29T17:37:30","slug":"assembleias-semipresenciais-e-virtuais-para-todas-as-sociedades","status":"publish","type":"post","link":"https:\/\/agkn.com.br\/index.php\/2022\/09\/29\/assembleias-semipresenciais-e-virtuais-para-todas-as-sociedades\/","title":{"rendered":"Assembleias semipresenciais e virtuais para todas as sociedades?"},"content":{"rendered":"\n<p><em>Por Alfredo de Assis Gon\u00e7alves Neto e Micheli Mayumi Iwasaki.<\/em><\/p>\n\n\n\n<p>A recente convers\u00e3o da Medida Provis\u00f3ria 931\/2020 na Lei 14.030\/2020, publicada em 28.07.2020, trouxe algumas novidades em rela\u00e7\u00e3o \u00e0 sua reda\u00e7\u00e3o original, bem como a integra\u00e7\u00e3o com o Regime Jur\u00eddico Emergencial e Transit\u00f3rio das rela\u00e7\u00f5es jur\u00eddicas de Direito Privado (RJET), esta regulada pela Lei 14.010\/2020.<\/p>\n\n\n\n<p>A partir da aprova\u00e7\u00e3o da Lei 14.030\/2020 h\u00e1 autoriza\u00e7\u00e3o expressa e de forma permanente para realiza\u00e7\u00e3o de assembleias semipresenciais e digitais para as sociedades an\u00f4nimas, abertas e fechadas, limitadas e cooperativas, independentemente da situa\u00e7\u00e3o de calamidade decorrente da pandemia, como alternativas \u00e0 modalidade presencial tradicionalmente conhecida.<\/p>\n\n\n\n<p>No processo legislativo da medida provis\u00f3ria foi alterado o texto original, cuja interpreta\u00e7\u00e3o sistem\u00e1tica s\u00f3 permitia a realiza\u00e7\u00e3o da assembleia por meio virtual para as sociedades an\u00f4nimas abertas.<\/p>\n\n\n\n<p>Cumpre ressaltar que nesse \u00ednterim a Instru\u00e7\u00e3o Normativa do DREI n\u00ba. 79\/2020, que regulava especificamente o tema das assembleias semipresenciais e digitais desses tr\u00eas tipos societ\u00e1rios foi revogada. A mat\u00e9ria foi compilada e sistematizada na IN n\u00ba. 81, de 10.06.2020, que dentre v\u00e1rias outras tamb\u00e9m revogou a IN n\u00ba. 38\/2017 \u2013 bastante conhecida por conter o manual de registro do empres\u00e1rio individual, sociedade limitada, empresa individual de responsabilidade limitada (Eireli), cooperativa e sociedade an\u00f4nima.<\/p>\n\n\n\n<p>Outra novidade na Lei 14.030\/2020 \u00e9 o seu art. 7\u00ba que determina a observ\u00e2ncia das restri\u00e7\u00f5es sanit\u00e1rias locais para realiza\u00e7\u00e3o de reuni\u00f5es de assembleias presenciais para as associa\u00e7\u00f5es, funda\u00e7\u00f5es e demais sociedades, quais sejam, sociedades simples, em nome coletivo e em comandita simples, at\u00e9 o final deste ano civil.<\/p>\n\n\n\n<p>Al\u00e9m disso, o mesmo dispositivo prorroga o prazo para realiza\u00e7\u00e3o da assembleia geral e do mandato de seus diretores e (ou) administradores em sete meses e h\u00e1 men\u00e7\u00e3o expressa quanto \u00e0 possibilidade de realiza\u00e7\u00e3o por meios eletr\u00f4nicos at\u00e9 a data limite de 30 de outubro (art. 5\u00ba do RJET).<\/p>\n\n\n\n<p>Nesse contexto, considerando a caracter\u00edstica de norma transit\u00f3ria da RJET, todas as pessoas jur\u00eddicas de direito privado, e n\u00e3o somente as sociedades, poder\u00e3o realizar assembleias por meio eletr\u00f4nico, mas com limite temporal no prazo final de 30.10.2020.<\/p>\n\n\n\n<p>No caso das sociedades an\u00f4nimas, limitadas e cooperativas a altera\u00e7\u00e3o legislativa \u00e9 permanente, ou pelo menos, at\u00e9 que outra lei venha revoga-la, expressa ou tacitamente. A tend\u00eancia de agregar os recursos tecnol\u00f3gicos para esses tipos societ\u00e1rios pode trazer distor\u00e7\u00f5es e, como j\u00e1 advertimos em nota anterior, \u00e9 uma trilha que se deve percorrer com cautela, observadas as peculiaridades de cada qual e de seu respectivo quadro social.<\/p>\n","protected":false},"excerpt":{"rendered":"<p>Por Alfredo de Assis Gon\u00e7alves Neto e Micheli Mayumi Iwasaki. A recente convers\u00e3o da Medida Provis\u00f3ria 931\/2020 na Lei 14.030\/2020, publicada em 28.07.2020, trouxe algumas novidades em rela\u00e7\u00e3o \u00e0 sua reda\u00e7\u00e3o original, bem como a integra\u00e7\u00e3o com o Regime Jur\u00eddico Emergencial e Transit\u00f3rio das rela\u00e7\u00f5es jur\u00eddicas de Direito Privado (RJET), esta regulada pela Lei 14.010\/2020. [&hellip;]<\/p>\n","protected":false},"author":1,"featured_media":0,"comment_status":"open","ping_status":"open","sticky":false,"template":"","format":"standard","meta":{"site-sidebar-layout":"default","site-content-layout":"","ast-site-content-layout":"","site-content-style":"default","site-sidebar-style":"default","ast-global-header-display":"","ast-banner-title-visibility":"","ast-main-header-display":"","ast-hfb-above-header-display":"","ast-hfb-below-header-display":"","ast-hfb-mobile-header-display":"","site-post-title":"","ast-breadcrumbs-content":"","ast-featured-img":"","footer-sml-layout":"","theme-transparent-header-meta":"","adv-header-id-meta":"","stick-header-meta":"","header-above-stick-meta":"","header-main-stick-meta":"","header-below-stick-meta":"","astra-migrate-meta-layouts":"default","ast-page-background-enabled":"default","ast-page-background-meta":{"desktop":{"background-color":"var(--ast-global-color-4)","background-image":"","background-repeat":"repeat","background-position":"center center","background-size":"auto","background-attachment":"scroll","background-type":"","background-media":"","overlay-type":"","overlay-color":"","overlay-opacity":"","overlay-gradient":""},"tablet":{"background-color":"","background-image":"","background-repeat":"repeat","background-position":"center center","background-size":"auto","background-attachment":"scroll","background-type":"","background-media":"","overlay-type":"","overlay-color":"","overlay-opacity":"","overlay-gradient":""},"mobile":{"background-color":"","background-image":"","background-repeat":"repeat","background-position":"center center","background-size":"auto","background-attachment":"scroll","background-type":"","background-media":"","overlay-type":"","overlay-color":"","overlay-opacity":"","overlay-gradient":""}},"ast-content-background-meta":{"desktop":{"background-color":"var(--ast-global-color-5)","background-image":"","background-repeat":"repeat","background-position":"center center","background-size":"auto","background-attachment":"scroll","background-type":"","background-media":"","overlay-type":"","overlay-color":"","overlay-opacity":"","overlay-gradient":""},"tablet":{"background-color":"var(--ast-global-color-5)","background-image":"","background-repeat":"repeat","background-position":"center center","background-size":"auto","background-attachment":"scroll","background-type":"","background-media":"","overlay-type":"","overlay-color":"","overlay-opacity":"","overlay-gradient":""},"mobile":{"background-color":"var(--ast-global-color-5)","background-image":"","background-repeat":"repeat","background-position":"center center","background-size":"auto","background-attachment":"scroll","background-type":"","background-media":"","overlay-type":"","overlay-color":"","overlay-opacity":"","overlay-gradient":""}},"footnotes":""},"categories":[6],"tags":[],"class_list":["post-1703","post","type-post","status-publish","format-standard","hentry","category-noticias"],"_links":{"self":[{"href":"https:\/\/agkn.com.br\/index.php\/wp-json\/wp\/v2\/posts\/1703","targetHints":{"allow":["GET"]}}],"collection":[{"href":"https:\/\/agkn.com.br\/index.php\/wp-json\/wp\/v2\/posts"}],"about":[{"href":"https:\/\/agkn.com.br\/index.php\/wp-json\/wp\/v2\/types\/post"}],"author":[{"embeddable":true,"href":"https:\/\/agkn.com.br\/index.php\/wp-json\/wp\/v2\/users\/1"}],"replies":[{"embeddable":true,"href":"https:\/\/agkn.com.br\/index.php\/wp-json\/wp\/v2\/comments?post=1703"}],"version-history":[{"count":0,"href":"https:\/\/agkn.com.br\/index.php\/wp-json\/wp\/v2\/posts\/1703\/revisions"}],"wp:attachment":[{"href":"https:\/\/agkn.com.br\/index.php\/wp-json\/wp\/v2\/media?parent=1703"}],"wp:term":[{"taxonomy":"category","embeddable":true,"href":"https:\/\/agkn.com.br\/index.php\/wp-json\/wp\/v2\/categories?post=1703"},{"taxonomy":"post_tag","embeddable":true,"href":"https:\/\/agkn.com.br\/index.php\/wp-json\/wp\/v2\/tags?post=1703"}],"curies":[{"name":"wp","href":"https:\/\/api.w.org\/{rel}","templated":true}]}}