{"id":1667,"date":"2022-09-29T17:17:25","date_gmt":"2022-09-29T17:17:25","guid":{"rendered":"http:\/\/agnk.lidedigital.com.br\/?p=1667"},"modified":"2022-09-29T17:17:25","modified_gmt":"2022-09-29T17:17:25","slug":"congresso-institui-premio-para-melhor-livro-sobre-direito-comercial-publicado-em-2019","status":"publish","type":"post","link":"https:\/\/agkn.com.br\/index.php\/2022\/09\/29\/congresso-institui-premio-para-melhor-livro-sobre-direito-comercial-publicado-em-2019\/","title":{"rendered":"Congresso institui pr\u00eamio para melhor livro sobre Direito Comercial publicado em 2019"},"content":{"rendered":"\n<p>Comiss\u00e3o, presidida pelo professor Alfredo de Assis Gon\u00e7alves Neto, recebe indica\u00e7\u00f5es das obras at\u00e9 final de fevereiro.<\/p>\n\n\n\n<p>O 10\u00ba Congresso Brasileiro de Direito Comercial ser\u00e1 realizado na sede da&nbsp;Associa\u00e7\u00e3o dos Advogados de S\u00e3o Paulo \u2013 AASP, nos&nbsp;dias 14 e 15 de maio. Como parte da programa\u00e7\u00e3o do evento ser\u00e1 entregue o Pr\u00eamio Osmar Brina Corr\u00eaa Lima, refer\u00eancia no Direito Comercial brasileiro, falecido no ano passado, ao melhor livro sobre Direito Comercial publicado em 2019.<\/p>\n\n\n\n<p>Os organizadores do evento criaram uma comiss\u00e3o especial com a incumb\u00eancia de escolher a melhor obra de Direito Comercial produzida em 2019 para receber a premia\u00e7\u00e3o. Presidida pelo professor Alfredo de Assis Gon\u00e7alves Neto, da UFPR, a comiss\u00e3o \u00e9 constitu\u00edda ainda pelos professores Arnoldo Wald (UERJ), Jos\u00e9 Alexandre Tavares Guerreiro e Paula&nbsp;Andrea Forgioni (USP) e Ivanildo de Figueiredo Andrade de Oliveira Filho (UFPE).<\/p>\n\n\n\n<p>A comiss\u00e3o receber\u00e1 at\u00e9 final de fevereiro as indica\u00e7\u00f5es de livros para avalia\u00e7\u00e3o. O Pr\u00eamio Osmar Brina Corr\u00eaa Lima ser\u00e1 entregue&nbsp;na&nbsp;solenidade de&nbsp;abertura&nbsp;do congresso.<\/p>\n\n\n\n<p><strong>O Professor<\/strong><\/p>\n\n\n\n<p>O professor Osmar Brina Corr\u00eaa Lima faleceu no dia 17 de fevereiro de 2019, aos 77 anos. Professor de Direito Comercial aposentado se formou pela UFMG em 1966, universidade onde tamb\u00e9m fez doutorado e lecionou durante 40 anos e foi&nbsp;vice-diretor. Foi professor das Faculdades de Direito e de Ci\u00eancias Econ\u00f4micas da PUCMG, escreveu diversos livros e foi subprocurador-geral da Rep\u00fablica, com atua\u00e7\u00e3o no Superior Tribunal de Justi\u00e7a. Era considerado um dos juristas mais respeitados do pa\u00eds.<\/p>\n\n\n\n<p><strong>O Congresso<\/strong><\/p>\n\n\n\n<p>O 10\u00ba Congresso Brasileiro de Direito Comercial \u00e9 organizado pelos professores Ana Fraz\u00e3o (UnB), F\u00e1bio Ulhoa Coelho (PUC-SP), Francisco Satiro de Souza Jr. (USP). Mauricio Moreira Menezes (UERJ), S\u00e9rgio Campinho (UERJ) e Rodrigo Monteiro de Castro (Ibmec SP-IDSA).<\/p>\n\n\n\n<p>Entre os temas que ser\u00e3o abordados no evento est\u00e3o: dez anos de Congresso de Direito Comercial, responsabilidade da companhia perante os seus acionistas pela perda do valor da a\u00e7\u00e3o, Direito Societ\u00e1rio, propriedade intelectual, inova\u00e7\u00e3o disruptiva, contratos empresariais, mercado de capitais e companhias abertas, novos contornos da desconsidera\u00e7\u00e3o da personalidade jur\u00eddica, Direito Comercial e ordem econ\u00f4mica, diretriz de direitos autorais da Uni\u00e3o Europeia, verticaliza\u00e7\u00e3o da justi\u00e7a especializada em&nbsp;Direito&nbsp;Empresarial, fal\u00eancia e recupera\u00e7\u00e3o judicial e responsabilidade anticorrup\u00e7\u00e3o por sucess\u00e3o na fal\u00eancia e na recupera\u00e7\u00e3o judicial.<\/p>\n\n\n\n<p>A d\u00e9cima edi\u00e7\u00e3o do congresso&nbsp;ter\u00e1 como comercialista homenageado o professor Jos\u00e9 Alexandre Tavares Guerreiro.<\/p>\n\n\n\n<p><strong>Servi\u00e7o<\/strong><\/p>\n\n\n\n<p>10\u00ba Congresso Brasileiro de Direito Comercial<\/p>\n\n\n\n<p>Dias: 14 e 15 de maio de 2020<\/p>\n\n\n\n<p>Local: Associa\u00e7\u00e3o dos Advogados de S\u00e3o Paulo \u2013 AASP (Rua \u00c1lvares Penteado, 151, Centro) \u2013 S\u00e3o Paulo \u2013 SP<\/p>\n\n\n\n<p>Inscri\u00e7\u00f5es e programa\u00e7\u00e3o:&nbsp;<a href=\"http:\/\/www.congressodireitocomercial.org.br\/\">www.congressodireitocomercial.org.br<\/a><\/p>\n","protected":false},"excerpt":{"rendered":"<p>Comiss\u00e3o, presidida pelo professor Alfredo de Assis Gon\u00e7alves Neto, recebe indica\u00e7\u00f5es das obras at\u00e9 final de fevereiro. O 10\u00ba Congresso Brasileiro de Direito Comercial ser\u00e1 realizado na sede da&nbsp;Associa\u00e7\u00e3o dos Advogados de S\u00e3o Paulo \u2013 AASP, nos&nbsp;dias 14 e 15 de maio. Como parte da programa\u00e7\u00e3o do evento ser\u00e1 entregue o Pr\u00eamio Osmar Brina Corr\u00eaa [&hellip;]<\/p>\n","protected":false},"author":1,"featured_media":0,"comment_status":"open","ping_status":"open","sticky":false,"template":"","format":"standard","meta":{"site-sidebar-layout":"default","site-content-layout":"","ast-site-content-layout":"","site-content-style":"default","site-sidebar-style":"default","ast-global-header-display":"","ast-banner-title-visibility":"","ast-main-header-display":"","ast-hfb-above-header-display":"","ast-hfb-below-header-display":"","ast-hfb-mobile-header-display":"","site-post-title":"","ast-breadcrumbs-content":"","ast-featured-img":"","footer-sml-layout":"","theme-transparent-header-meta":"","adv-header-id-meta":"","stick-header-meta":"","header-above-stick-meta":"","header-main-stick-meta":"","header-below-stick-meta":"","astra-migrate-meta-layouts":"default","ast-page-background-enabled":"default","ast-page-background-meta":{"desktop":{"background-color":"var(--ast-global-color-4)","background-image":"","background-repeat":"repeat","background-position":"center center","background-size":"auto","background-attachment":"scroll","background-type":"","background-media":"","overlay-type":"","overlay-color":"","overlay-opacity":"","overlay-gradient":""},"tablet":{"background-color":"","background-image":"","background-repeat":"repeat","background-position":"center center","background-size":"auto","background-attachment":"scroll","background-type":"","background-media":"","overlay-type":"","overlay-color":"","overlay-opacity":"","overlay-gradient":""},"mobile":{"background-color":"","background-image":"","background-repeat":"repeat","background-position":"center center","background-size":"auto","background-attachment":"scroll","background-type":"","background-media":"","overlay-type":"","overlay-color":"","overlay-opacity":"","overlay-gradient":""}},"ast-content-background-meta":{"desktop":{"background-color":"var(--ast-global-color-5)","background-image":"","background-repeat":"repeat","background-position":"center center","background-size":"auto","background-attachment":"scroll","background-type":"","background-media":"","overlay-type":"","overlay-color":"","overlay-opacity":"","overlay-gradient":""},"tablet":{"background-color":"var(--ast-global-color-5)","background-image":"","background-repeat":"repeat","background-position":"center center","background-size":"auto","background-attachment":"scroll","background-type":"","background-media":"","overlay-type":"","overlay-color":"","overlay-opacity":"","overlay-gradient":""},"mobile":{"background-color":"var(--ast-global-color-5)","background-image":"","background-repeat":"repeat","background-position":"center center","background-size":"auto","background-attachment":"scroll","background-type":"","background-media":"","overlay-type":"","overlay-color":"","overlay-opacity":"","overlay-gradient":""}},"footnotes":""},"categories":[6],"tags":[],"class_list":["post-1667","post","type-post","status-publish","format-standard","hentry","category-noticias"],"_links":{"self":[{"href":"https:\/\/agkn.com.br\/index.php\/wp-json\/wp\/v2\/posts\/1667","targetHints":{"allow":["GET"]}}],"collection":[{"href":"https:\/\/agkn.com.br\/index.php\/wp-json\/wp\/v2\/posts"}],"about":[{"href":"https:\/\/agkn.com.br\/index.php\/wp-json\/wp\/v2\/types\/post"}],"author":[{"embeddable":true,"href":"https:\/\/agkn.com.br\/index.php\/wp-json\/wp\/v2\/users\/1"}],"replies":[{"embeddable":true,"href":"https:\/\/agkn.com.br\/index.php\/wp-json\/wp\/v2\/comments?post=1667"}],"version-history":[{"count":0,"href":"https:\/\/agkn.com.br\/index.php\/wp-json\/wp\/v2\/posts\/1667\/revisions"}],"wp:attachment":[{"href":"https:\/\/agkn.com.br\/index.php\/wp-json\/wp\/v2\/media?parent=1667"}],"wp:term":[{"taxonomy":"category","embeddable":true,"href":"https:\/\/agkn.com.br\/index.php\/wp-json\/wp\/v2\/categories?post=1667"},{"taxonomy":"post_tag","embeddable":true,"href":"https:\/\/agkn.com.br\/index.php\/wp-json\/wp\/v2\/tags?post=1667"}],"curies":[{"name":"wp","href":"https:\/\/api.w.org\/{rel}","templated":true}]}}