{"id":1553,"date":"2022-09-29T16:25:47","date_gmt":"2022-09-29T16:25:47","guid":{"rendered":"http:\/\/agnk.lidedigital.com.br\/?p=1553"},"modified":"2022-09-29T16:25:47","modified_gmt":"2022-09-29T16:25:47","slug":"carf-aprova-21-novas-sumulas-jurisprudenciais-e-cancela-sumula-n-98-sobre-deducao-de-pensao-alimenticia-do-irpf","status":"publish","type":"post","link":"https:\/\/agkn.com.br\/index.php\/2022\/09\/29\/carf-aprova-21-novas-sumulas-jurisprudenciais-e-cancela-sumula-n-98-sobre-deducao-de-pensao-alimenticia-do-irpf\/","title":{"rendered":"CARF aprova 21 novas s\u00famulas jurisprudenciais e cancela s\u00famula n. 98, sobre dedu\u00e7\u00e3o de pens\u00e3o aliment\u00edcia do IRPF"},"content":{"rendered":"\n<p>por&nbsp;<em>Henrique da Silveira Andreazza<\/em><\/p>\n\n\n\n<p>Em sess\u00e3o extraordin\u00e1ria realizada nesta ter\u00e7a-feira, o Pleno e as Turmas da C\u00e2mara Superior de Recursos Fiscais do CARF se reuniram para apreciar tr\u00eas propostas de cancelamento, nove propostas de revis\u00e3o e 32 propostas de edi\u00e7\u00e3o de novas s\u00famulas. Esta \u00e9 a primeira vez que o CARF edita novas s\u00famulas desde que o Minist\u00e9rio da Fazenda interrompeu suas atividades por cerca de quatro meses em 2015, ap\u00f3s deflagra\u00e7\u00e3o da Opera\u00e7\u00e3o Zelotes.<\/p>\n\n\n\n<p>Das propostas apresentadas, foram aprovadas 21 novas s\u00famulas jurisprudenciais, bem como foi aprovado o cancelamento da s\u00famula n. 98. As novas s\u00famulas aguardam publica\u00e7\u00e3o no Di\u00e1rio Oficial da Uni\u00e3o para entrarem em vigor.<\/p>\n\n\n\n<p>Dentre os enunciados redigidos, destaca-se a aplica\u00e7\u00e3o pelo tribunal administrativo do entendimento firmado em 2010 pelo E. STJ no REsp n. 923.012\/MG, sob a \u00e9gide dos recursos repetitivos, de que a responsabilidade tribut\u00e1ria do sucessor, seja por cis\u00e3o, fus\u00e3o ou incorpora\u00e7\u00e3o, abrange, al\u00e9m dos tributos devidos, as multas morat\u00f3rias e punitivas aplicadas a sucedida, desde que o fato gerador tenha ocorrido antes da data da sucess\u00e3o.<\/p>\n\n\n\n<p>Tamb\u00e9m foi aprovada s\u00famula que impede, no processo administrativo fiscal, a intima\u00e7\u00e3o diretamente no endere\u00e7o do advogado do sujeito passivo e s\u00famula que estabeleceu a incid\u00eancia de juros calculados com base na taxa Selic sobre as multas de of\u00edcio.<\/p>\n\n\n\n<p>Al\u00e9m disso, aproveitou o CARF para cancelar a s\u00famula n. 98, que permitia a dedu\u00e7\u00e3o da pens\u00e3o aliment\u00edcia da base de c\u00e1lculo do Imposto de Renda de Pessoa F\u00edsica quando efetivamente paga a obriga\u00e7\u00e3o e o encargo decorra de decis\u00e3o judicial, de acordo homologado judicialmente ou de escrituras p\u00fablicas, lavradas a partir de 28 de mar\u00e7o de 2008, que especifiquem o valor ou os deveres em prol do benefici\u00e1rio. N\u00e3o h\u00e1, entretanto, grandes implica\u00e7\u00f5es pr\u00e1ticas deste cancelamento, visto que a supramencionada dedu\u00e7\u00e3o est\u00e1 prevista no art. 78 do Decreto n. 3.000\/1999.<\/p>\n\n\n\n<p>J\u00e1 com rela\u00e7\u00e3o \u00e0s sumulas n\u00e3o aprovadas, merece realce a que impossibilitaria o aproveitamento fiscal do \u00e1gio em reestrutura\u00e7\u00f5es societ\u00e1rias de empresas de um mesmo grupo econ\u00f4mico. A s\u00famula previa a proibi\u00e7\u00e3o da amortiza\u00e7\u00e3o do \u00e1gio interno na base de c\u00e1lculo do IRPJ e da CSLL quando este valor fosse gerado sem o correspondente registro de gasto com a opera\u00e7\u00e3o. Vale ressaltar que o entendimento majorit\u00e1rio do CARF com rela\u00e7\u00e3o ao assunto n\u00e3o foi alterado, e novos julgamentos devem manter a posi\u00e7\u00e3o do Conselho em proibir tal opera\u00e7\u00e3o.<\/p>\n\n\n\n<p>Todas as novas s\u00famulas, como bem deveriam ser, representam o entendimento j\u00e1 aplicado pelo Conselho, e por terem efeito vinculante em seus \u00f3rg\u00e3os julgadores, trar\u00e3o mais celeridade \u00e0 resolu\u00e7\u00e3o administrativa dos questionamentos dos contribuintes.<\/p>\n","protected":false},"excerpt":{"rendered":"<p>por&nbsp;Henrique da Silveira Andreazza Em sess\u00e3o extraordin\u00e1ria realizada nesta ter\u00e7a-feira, o Pleno e as Turmas da C\u00e2mara Superior de Recursos Fiscais do CARF se reuniram para apreciar tr\u00eas propostas de cancelamento, nove propostas de revis\u00e3o e 32 propostas de edi\u00e7\u00e3o de novas s\u00famulas. Esta \u00e9 a primeira vez que o CARF edita novas s\u00famulas desde [&hellip;]<\/p>\n","protected":false},"author":1,"featured_media":0,"comment_status":"open","ping_status":"open","sticky":false,"template":"","format":"standard","meta":{"site-sidebar-layout":"default","site-content-layout":"","ast-site-content-layout":"","site-content-style":"default","site-sidebar-style":"default","ast-global-header-display":"","ast-banner-title-visibility":"","ast-main-header-display":"","ast-hfb-above-header-display":"","ast-hfb-below-header-display":"","ast-hfb-mobile-header-display":"","site-post-title":"","ast-breadcrumbs-content":"","ast-featured-img":"","footer-sml-layout":"","theme-transparent-header-meta":"","adv-header-id-meta":"","stick-header-meta":"","header-above-stick-meta":"","header-main-stick-meta":"","header-below-stick-meta":"","astra-migrate-meta-layouts":"default","ast-page-background-enabled":"default","ast-page-background-meta":{"desktop":{"background-color":"var(--ast-global-color-4)","background-image":"","background-repeat":"repeat","background-position":"center center","background-size":"auto","background-attachment":"scroll","background-type":"","background-media":"","overlay-type":"","overlay-color":"","overlay-opacity":"","overlay-gradient":""},"tablet":{"background-color":"","background-image":"","background-repeat":"repeat","background-position":"center center","background-size":"auto","background-attachment":"scroll","background-type":"","background-media":"","overlay-type":"","overlay-color":"","overlay-opacity":"","overlay-gradient":""},"mobile":{"background-color":"","background-image":"","background-repeat":"repeat","background-position":"center center","background-size":"auto","background-attachment":"scroll","background-type":"","background-media":"","overlay-type":"","overlay-color":"","overlay-opacity":"","overlay-gradient":""}},"ast-content-background-meta":{"desktop":{"background-color":"var(--ast-global-color-5)","background-image":"","background-repeat":"repeat","background-position":"center center","background-size":"auto","background-attachment":"scroll","background-type":"","background-media":"","overlay-type":"","overlay-color":"","overlay-opacity":"","overlay-gradient":""},"tablet":{"background-color":"var(--ast-global-color-5)","background-image":"","background-repeat":"repeat","background-position":"center center","background-size":"auto","background-attachment":"scroll","background-type":"","background-media":"","overlay-type":"","overlay-color":"","overlay-opacity":"","overlay-gradient":""},"mobile":{"background-color":"var(--ast-global-color-5)","background-image":"","background-repeat":"repeat","background-position":"center center","background-size":"auto","background-attachment":"scroll","background-type":"","background-media":"","overlay-type":"","overlay-color":"","overlay-opacity":"","overlay-gradient":""}},"footnotes":""},"categories":[6],"tags":[],"class_list":["post-1553","post","type-post","status-publish","format-standard","hentry","category-noticias"],"_links":{"self":[{"href":"https:\/\/agkn.com.br\/index.php\/wp-json\/wp\/v2\/posts\/1553","targetHints":{"allow":["GET"]}}],"collection":[{"href":"https:\/\/agkn.com.br\/index.php\/wp-json\/wp\/v2\/posts"}],"about":[{"href":"https:\/\/agkn.com.br\/index.php\/wp-json\/wp\/v2\/types\/post"}],"author":[{"embeddable":true,"href":"https:\/\/agkn.com.br\/index.php\/wp-json\/wp\/v2\/users\/1"}],"replies":[{"embeddable":true,"href":"https:\/\/agkn.com.br\/index.php\/wp-json\/wp\/v2\/comments?post=1553"}],"version-history":[{"count":0,"href":"https:\/\/agkn.com.br\/index.php\/wp-json\/wp\/v2\/posts\/1553\/revisions"}],"wp:attachment":[{"href":"https:\/\/agkn.com.br\/index.php\/wp-json\/wp\/v2\/media?parent=1553"}],"wp:term":[{"taxonomy":"category","embeddable":true,"href":"https:\/\/agkn.com.br\/index.php\/wp-json\/wp\/v2\/categories?post=1553"},{"taxonomy":"post_tag","embeddable":true,"href":"https:\/\/agkn.com.br\/index.php\/wp-json\/wp\/v2\/tags?post=1553"}],"curies":[{"name":"wp","href":"https:\/\/api.w.org\/{rel}","templated":true}]}}