{"id":1549,"date":"2022-09-29T16:24:01","date_gmt":"2022-09-29T16:24:01","guid":{"rendered":"http:\/\/agnk.lidedigital.com.br\/?p=1549"},"modified":"2022-09-29T16:24:01","modified_gmt":"2022-09-29T16:24:01","slug":"a-comissao-de-direito-cooperativo-presidida-pelo-advogado-paulo-sergio-nied-marcou-forte-presenca-no-ii-seminario-de-direito-cooperativo-da-regiao-sul","status":"publish","type":"post","link":"https:\/\/agkn.com.br\/index.php\/2022\/09\/29\/a-comissao-de-direito-cooperativo-presidida-pelo-advogado-paulo-sergio-nied-marcou-forte-presenca-no-ii-seminario-de-direito-cooperativo-da-regiao-sul\/","title":{"rendered":"A Comiss\u00e3o de Direito Cooperativo &#8211; presidida pelo advogado Paulo S\u00e9rgio Nied &#8211; marcou forte presen\u00e7a no II Semin\u00e1rio de Direito Cooperativo da Regi\u00e3o Sul"},"content":{"rendered":"\n<p>A Comiss\u00e3o de Direito Cooperativo da OAB\/PR apoiou o II Semin\u00e1rio de Direito Cooperativo da Regi\u00e3o Sul, realizado pela OCEPAR, em Curitiba, nos dias 28 e 29 de maio.<\/p>\n\n\n\n<p>O evento contou com a presen\u00e7a de diversos expoentes do cooperativismo nacional e internacional, dentre os quais Manfred Dasenbrock (diretor da WOCCU e Presidente da Central SICREDI PR\/SP\/RJ), Deolinda Apar\u00edcio Meira (Polit\u00e9cnico do Porto \u2013 Portugal), Michael Edwards (Vice-Presidente para Defesa e Conselho Geral da WOCCU), Graciela Fern\u00e1ndez (Presidente da Cudecoop \u2013 Confederaci\u00f3n Uruguaya de Entidades Cooperativas) e Alfredo de Assis Gon\u00e7alves Neto.<\/p>\n\n\n\n<p>A Comiss\u00e3o de Direito Cooperativo da OAB\/PR levou diversos representantes ao evento. Estiveram presentes os advogados Priscila Claudia de Oliveira Pereira (Central SICREDI PR\/SP\/RJ), Allan Wolfgang Franco Ruschmann (OCEPAR), Micheli Mayumi Iwasaki (OCEPAR; principal organizadora do evento), Paulo Sergio Nied (Presidente da Comiss\u00e3o de Direito Cooperativo e advogado de Assis Gon\u00e7alves, Kloss Neto e Advogados Associados), Ana Cl\u00e1udia Pereira Silva Lechakoski (advogada de Gomm Advogados Associados) e Mauro C\u00e9zar Abati (gerente de assuntos jur\u00eddicos da UNIMED Paran\u00e1). Tamb\u00e9m estiveram presentes os membros Paulo St\u00f6berl e Leila Dissenha.<\/p>\n","protected":false},"excerpt":{"rendered":"<p>A Comiss\u00e3o de Direito Cooperativo da OAB\/PR apoiou o II Semin\u00e1rio de Direito Cooperativo da Regi\u00e3o Sul, realizado pela OCEPAR, em Curitiba, nos dias 28 e 29 de maio. O evento contou com a presen\u00e7a de diversos expoentes do cooperativismo nacional e internacional, dentre os quais Manfred Dasenbrock (diretor da WOCCU e Presidente da Central [&hellip;]<\/p>\n","protected":false},"author":1,"featured_media":0,"comment_status":"open","ping_status":"open","sticky":false,"template":"","format":"standard","meta":{"site-sidebar-layout":"default","site-content-layout":"","ast-site-content-layout":"","site-content-style":"default","site-sidebar-style":"default","ast-global-header-display":"","ast-banner-title-visibility":"","ast-main-header-display":"","ast-hfb-above-header-display":"","ast-hfb-below-header-display":"","ast-hfb-mobile-header-display":"","site-post-title":"","ast-breadcrumbs-content":"","ast-featured-img":"","footer-sml-layout":"","theme-transparent-header-meta":"","adv-header-id-meta":"","stick-header-meta":"","header-above-stick-meta":"","header-main-stick-meta":"","header-below-stick-meta":"","astra-migrate-meta-layouts":"default","ast-page-background-enabled":"default","ast-page-background-meta":{"desktop":{"background-color":"var(--ast-global-color-4)","background-image":"","background-repeat":"repeat","background-position":"center center","background-size":"auto","background-attachment":"scroll","background-type":"","background-media":"","overlay-type":"","overlay-color":"","overlay-opacity":"","overlay-gradient":""},"tablet":{"background-color":"","background-image":"","background-repeat":"repeat","background-position":"center center","background-size":"auto","background-attachment":"scroll","background-type":"","background-media":"","overlay-type":"","overlay-color":"","overlay-opacity":"","overlay-gradient":""},"mobile":{"background-color":"","background-image":"","background-repeat":"repeat","background-position":"center center","background-size":"auto","background-attachment":"scroll","background-type":"","background-media":"","overlay-type":"","overlay-color":"","overlay-opacity":"","overlay-gradient":""}},"ast-content-background-meta":{"desktop":{"background-color":"var(--ast-global-color-5)","background-image":"","background-repeat":"repeat","background-position":"center center","background-size":"auto","background-attachment":"scroll","background-type":"","background-media":"","overlay-type":"","overlay-color":"","overlay-opacity":"","overlay-gradient":""},"tablet":{"background-color":"var(--ast-global-color-5)","background-image":"","background-repeat":"repeat","background-position":"center center","background-size":"auto","background-attachment":"scroll","background-type":"","background-media":"","overlay-type":"","overlay-color":"","overlay-opacity":"","overlay-gradient":""},"mobile":{"background-color":"var(--ast-global-color-5)","background-image":"","background-repeat":"repeat","background-position":"center center","background-size":"auto","background-attachment":"scroll","background-type":"","background-media":"","overlay-type":"","overlay-color":"","overlay-opacity":"","overlay-gradient":""}},"footnotes":""},"categories":[6],"tags":[],"class_list":["post-1549","post","type-post","status-publish","format-standard","hentry","category-noticias"],"_links":{"self":[{"href":"https:\/\/agkn.com.br\/index.php\/wp-json\/wp\/v2\/posts\/1549","targetHints":{"allow":["GET"]}}],"collection":[{"href":"https:\/\/agkn.com.br\/index.php\/wp-json\/wp\/v2\/posts"}],"about":[{"href":"https:\/\/agkn.com.br\/index.php\/wp-json\/wp\/v2\/types\/post"}],"author":[{"embeddable":true,"href":"https:\/\/agkn.com.br\/index.php\/wp-json\/wp\/v2\/users\/1"}],"replies":[{"embeddable":true,"href":"https:\/\/agkn.com.br\/index.php\/wp-json\/wp\/v2\/comments?post=1549"}],"version-history":[{"count":0,"href":"https:\/\/agkn.com.br\/index.php\/wp-json\/wp\/v2\/posts\/1549\/revisions"}],"wp:attachment":[{"href":"https:\/\/agkn.com.br\/index.php\/wp-json\/wp\/v2\/media?parent=1549"}],"wp:term":[{"taxonomy":"category","embeddable":true,"href":"https:\/\/agkn.com.br\/index.php\/wp-json\/wp\/v2\/categories?post=1549"},{"taxonomy":"post_tag","embeddable":true,"href":"https:\/\/agkn.com.br\/index.php\/wp-json\/wp\/v2\/tags?post=1549"}],"curies":[{"name":"wp","href":"https:\/\/api.w.org\/{rel}","templated":true}]}}