{"id":1511,"date":"2022-09-29T14:47:56","date_gmt":"2022-09-29T14:47:56","guid":{"rendered":"http:\/\/agnk.lidedigital.com.br\/?p=1511"},"modified":"2022-09-29T14:47:56","modified_gmt":"2022-09-29T14:47:56","slug":"seminario-nacional-das-empresas-estatais-sera-realizado-na-oab-pr-nos-dias-3-e-4-de-julho","status":"publish","type":"post","link":"https:\/\/agkn.com.br\/index.php\/2022\/09\/29\/seminario-nacional-das-empresas-estatais-sera-realizado-na-oab-pr-nos-dias-3-e-4-de-julho\/","title":{"rendered":"Semin\u00e1rio Nacional das Empresas Estatais ser\u00e1 realizado na OAB\/PR nos dias 3 e 4 de julho"},"content":{"rendered":"\n<p>&nbsp;Nos dias 3 e 4 de julho acontecer\u00e1 na sede da OAB\/PR o Semin\u00e1rio Nacional das Empresas Estatais, tendo como tema central \u201c<em>A responsabilidade empresarial e o impacto da Lei n\u00ba 13.303\/2016 para o desenvolvimento nacional sustent\u00e1vel<\/em>\u201d.<\/p>\n\n\n\n<p>O evento est\u00e1 sendo organizado pela Comiss\u00e3o de Gest\u00e3o, Transpar\u00eancia e Controle da Administra\u00e7\u00e3o P\u00fablica da OAB\/PR, e contar\u00e1 com a participa\u00e7\u00e3o da s\u00f3cia&nbsp;<strong>Isabella B. M. Gon\u00e7alves Giublin<\/strong>&nbsp;(membro integrante da Comiss\u00e3o) no 3\u00ba painel do evento, em que ser\u00e3o abordados os temas \u201c<em>Governan\u00e7a estatal<\/em>\u201d, \u201c<em>Empresas privadas com participa\u00e7\u00e3o estatal minorit\u00e1ria<\/em>\u201d e \u201c<em>A import\u00e2ncia dos regulamentos internos de licita\u00e7\u00f5es<\/em>\u201d.<\/p>\n\n\n\n<p>Durante o evento ser\u00e1 lan\u00e7ado um livro que trata sobre a Lei das Estatais, que contou com a autoria de diversos membros da Comiss\u00e3o de Gest\u00e3o, Transpar\u00eancia e Controle da Administra\u00e7\u00e3o P\u00fablica da OAB\/PR.<\/p>\n\n\n\n<p>Informa\u00e7\u00f5es e programa\u00e7\u00e3o:<\/p>\n\n\n\n<p>http:\/\/intranet.oabpr.org.br\/servicos\/eventos\/evento.asp?id_evento=637<\/p>\n","protected":false},"excerpt":{"rendered":"<p>&nbsp;Nos dias 3 e 4 de julho acontecer\u00e1 na sede da OAB\/PR o Semin\u00e1rio Nacional das Empresas Estatais, tendo como tema central \u201cA responsabilidade empresarial e o impacto da Lei n\u00ba 13.303\/2016 para o desenvolvimento nacional sustent\u00e1vel\u201d. O evento est\u00e1 sendo organizado pela Comiss\u00e3o de Gest\u00e3o, Transpar\u00eancia e Controle da Administra\u00e7\u00e3o P\u00fablica da OAB\/PR, e [&hellip;]<\/p>\n","protected":false},"author":1,"featured_media":0,"comment_status":"open","ping_status":"open","sticky":false,"template":"","format":"standard","meta":{"site-sidebar-layout":"default","site-content-layout":"","ast-site-content-layout":"","site-content-style":"default","site-sidebar-style":"default","ast-global-header-display":"","ast-banner-title-visibility":"","ast-main-header-display":"","ast-hfb-above-header-display":"","ast-hfb-below-header-display":"","ast-hfb-mobile-header-display":"","site-post-title":"","ast-breadcrumbs-content":"","ast-featured-img":"","footer-sml-layout":"","theme-transparent-header-meta":"","adv-header-id-meta":"","stick-header-meta":"","header-above-stick-meta":"","header-main-stick-meta":"","header-below-stick-meta":"","astra-migrate-meta-layouts":"default","ast-page-background-enabled":"default","ast-page-background-meta":{"desktop":{"background-color":"var(--ast-global-color-4)","background-image":"","background-repeat":"repeat","background-position":"center center","background-size":"auto","background-attachment":"scroll","background-type":"","background-media":"","overlay-type":"","overlay-color":"","overlay-opacity":"","overlay-gradient":""},"tablet":{"background-color":"","background-image":"","background-repeat":"repeat","background-position":"center center","background-size":"auto","background-attachment":"scroll","background-type":"","background-media":"","overlay-type":"","overlay-color":"","overlay-opacity":"","overlay-gradient":""},"mobile":{"background-color":"","background-image":"","background-repeat":"repeat","background-position":"center center","background-size":"auto","background-attachment":"scroll","background-type":"","background-media":"","overlay-type":"","overlay-color":"","overlay-opacity":"","overlay-gradient":""}},"ast-content-background-meta":{"desktop":{"background-color":"var(--ast-global-color-5)","background-image":"","background-repeat":"repeat","background-position":"center center","background-size":"auto","background-attachment":"scroll","background-type":"","background-media":"","overlay-type":"","overlay-color":"","overlay-opacity":"","overlay-gradient":""},"tablet":{"background-color":"var(--ast-global-color-5)","background-image":"","background-repeat":"repeat","background-position":"center center","background-size":"auto","background-attachment":"scroll","background-type":"","background-media":"","overlay-type":"","overlay-color":"","overlay-opacity":"","overlay-gradient":""},"mobile":{"background-color":"var(--ast-global-color-5)","background-image":"","background-repeat":"repeat","background-position":"center center","background-size":"auto","background-attachment":"scroll","background-type":"","background-media":"","overlay-type":"","overlay-color":"","overlay-opacity":"","overlay-gradient":""}},"footnotes":""},"categories":[6],"tags":[],"class_list":["post-1511","post","type-post","status-publish","format-standard","hentry","category-noticias"],"_links":{"self":[{"href":"https:\/\/agkn.com.br\/index.php\/wp-json\/wp\/v2\/posts\/1511","targetHints":{"allow":["GET"]}}],"collection":[{"href":"https:\/\/agkn.com.br\/index.php\/wp-json\/wp\/v2\/posts"}],"about":[{"href":"https:\/\/agkn.com.br\/index.php\/wp-json\/wp\/v2\/types\/post"}],"author":[{"embeddable":true,"href":"https:\/\/agkn.com.br\/index.php\/wp-json\/wp\/v2\/users\/1"}],"replies":[{"embeddable":true,"href":"https:\/\/agkn.com.br\/index.php\/wp-json\/wp\/v2\/comments?post=1511"}],"version-history":[{"count":0,"href":"https:\/\/agkn.com.br\/index.php\/wp-json\/wp\/v2\/posts\/1511\/revisions"}],"wp:attachment":[{"href":"https:\/\/agkn.com.br\/index.php\/wp-json\/wp\/v2\/media?parent=1511"}],"wp:term":[{"taxonomy":"category","embeddable":true,"href":"https:\/\/agkn.com.br\/index.php\/wp-json\/wp\/v2\/categories?post=1511"},{"taxonomy":"post_tag","embeddable":true,"href":"https:\/\/agkn.com.br\/index.php\/wp-json\/wp\/v2\/tags?post=1511"}],"curies":[{"name":"wp","href":"https:\/\/api.w.org\/{rel}","templated":true}]}}