{"id":1477,"date":"2022-09-29T14:36:10","date_gmt":"2022-09-29T14:36:10","guid":{"rendered":"http:\/\/agnk.lidedigital.com.br\/?p=1477"},"modified":"2022-09-29T14:36:10","modified_gmt":"2022-09-29T14:36:10","slug":"cesa-pr-e-oab-pr-organizam-o-i-seminario-paranaense-de-sociedade-de-advogados","status":"publish","type":"post","link":"https:\/\/agkn.com.br\/index.php\/2022\/09\/29\/cesa-pr-e-oab-pr-organizam-o-i-seminario-paranaense-de-sociedade-de-advogados\/","title":{"rendered":"CESA\/PR e OAB\/PR organizam o I Semin\u00e1rio Paranaense de Sociedade de Advogados"},"content":{"rendered":"\n<p>Acontecer\u00e1 no dia 29\/11 (ter\u00e7a-feira), no audit\u00f3rio da OAB\/PR, o&nbsp;<em>\u201cI Semin\u00e1rio Paranaense de Sociedades de Advogados \u2013 desafios e perspectivas para o setor\u201d<\/em>. O evento \u00e9 promovido pelo Centro de Estudos das Sociedades de Advogados do Paran\u00e1 (CESA-PR) e a Comiss\u00e3o de Sociedades de Advogados da OAB-PR, ambos presididos pelo s\u00f3cio do escrit\u00f3rio, Guilherme Kloss Neto.<\/p>\n\n\n\n<p>O Semin\u00e1rio ser\u00e1 das 8h30 \u00e0s 19h e contar\u00e1 com quatro pain\u00e9is com os seguintes temas: Panorama geral das sociedades no Brasil e Rela\u00e7\u00f5es Societ\u00e1rias; Rela\u00e7\u00f5es de trabalho na advocacia e Advogado Associado; Quest\u00f5es fiscais e previdenci\u00e1rias e Seguran\u00e7a da informa\u00e7\u00e3o. As inscri\u00e7\u00f5es est\u00e3o abertas e podem ser feitas no site:&nbsp;<a href=\"http:\/\/www.oabpr.org.br\/\">www.oabpr.org.br<\/a>.<\/p>\n\n\n\n<p>Confira a programa\u00e7\u00e3o completa:<\/p>\n\n\n\n<p><strong>I Semin\u00e1rio Paranaense de Sociedades de Advogados<\/strong><\/p>\n\n\n\n<p><strong>Desafios e Perspectivas para o Setor<\/strong><\/p>\n\n\n\n<p><strong>Abertura<\/strong><\/p>\n\n\n\n<p><strong><u>8h30<\/u><\/strong><\/p>\n\n\n\n<p>&#8211; Presidente da OAB\/PR &#8211; Jos\u00e9 Augusto Ara\u00fajo de Noronha<\/p>\n\n\n\n<p>&#8211; Presidente da Comiss\u00e3o de Sociedade de Advogados OAB\/PR e do CESA\/PR &#8211; Guilherme Kloss Neto<\/p>\n\n\n\n<p>&#8211; Presidente do CESA\/Nacional &#8211; Carlos Jos\u00e9 Santos Silva<\/p>\n\n\n\n<p>&#8211; Presidente da Comiss\u00e3o Nacional de Sociedades de Advogados OAB\/CF &#8211; Andr\u00e9 Luis Guimar\u00e3es Godinho<\/p>\n\n\n\n<p><strong>Painel1<\/strong><\/p>\n\n\n\n<p><strong><u>9h<\/u><\/strong><\/p>\n\n\n\n<p>(a) panorama geral das sociedades no Brasil (estruturas societ\u00e1rias, sociedade individual) e<\/p>\n\n\n\n<p>(b) rela\u00e7\u00f5es societ\u00e1rias (s\u00f3cios de capital e de servi\u00e7o, acordo de quotistas)<\/p>\n\n\n\n<p>Expositores:<\/p>\n\n\n\n<p>&#8211; Carlos Jos\u00e9 Santos Silva (Machado, Meyer, Sendacz e \u00d3pice Advogados\/SP)<\/p>\n\n\n\n<p>&#8211; Alfredo de Assis Gon\u00e7alves Neto (Assis Gon\u00e7alves, Kloss Neto e Advogados Associados\/PR)<\/p>\n\n\n\n<p>&#8211; Andr\u00e9 Luis Guimar\u00e3es Godinho (Tourinho &amp; Godinho Advogados Associados\/BA)<\/p>\n\n\n\n<p>Presidente da mesa:<\/p>\n\n\n\n<p>&#8211; Guilherme Kloss Neto (Assis Gon\u00e7alves, Kloss Neto e Advogados Associados\/PR)<\/p>\n\n\n\n<p><strong>Intervalo<\/strong><\/p>\n\n\n\n<p><strong><u>10h30<\/u><\/strong><\/p>\n\n\n\n<p><strong>Painel 2<\/strong><\/p>\n\n\n\n<p><strong><u>11h<\/u><\/strong><\/p>\n\n\n\n<p>(a) Rela\u00e7\u00f5es de trabalho na advocacia e<\/p>\n\n\n\n<p>(b) Advogado associado (as vis\u00f5es da OAB e do MPT sobre o tema)<\/p>\n\n\n\n<p>Expositores:<\/p>\n\n\n\n<p>&#8211; H\u00e9lio Gomes Coelho (Gomes Coelho &amp; Bordin Sociedade de Advogados\/PR)<\/p>\n\n\n\n<p>&#8211; Stanley Martins Fras\u00e3o (Homero Costa Advogados\/MG)<\/p>\n\n\n\n<p>Presidente da mesa:<\/p>\n\n\n\n<p>&#8211; Jos\u00e9 L\u00facio Glomb (Glomb e Advogados Associados\/PR)<\/p>\n\n\n\n<p><strong>Intervalo<\/strong><\/p>\n\n\n\n<p><strong><u>12h30<\/u><\/strong><\/p>\n\n\n\n<p><strong>Painel 3<\/strong><\/p>\n\n\n\n<p><strong><u>16h<\/u><\/strong><\/p>\n\n\n\n<p>Quest\u00f5es fiscais e previdenci\u00e1rias (tributa\u00e7\u00e3o das sociedades e contribui\u00e7\u00e3o \u00e0 Previd\u00eancia oficial)<\/p>\n\n\n\n<p>Expositores:<\/p>\n\n\n\n<p>&#8211; Gustavo Brigag\u00e3o (Ulh\u00f4a Canto, Rezende e Guerra Advogados\/RJ)<\/p>\n\n\n\n<p>&#8211; F\u00e1bio Artigas Grillo (Hapner &amp; Kroetz Advogados\/PR)<\/p>\n\n\n\n<p>Presidente da mesa:<\/p>\n\n\n\n<p>&#8211; Cristiano K\u00fcster Neto (Ribeiro, K\u00fcster, Rosa Advogados Associados\/PR)<\/p>\n\n\n\n<p><strong>Painel 4<\/strong><\/p>\n\n\n\n<p><strong><u>17h30<\/u><\/strong><\/p>\n\n\n\n<p>Seguran\u00e7a da informa\u00e7\u00e3o (como preparar as sociedades de advogados para os riscos incidentes)<\/p>\n\n\n\n<p>Expositores:<\/p>\n\n\n\n<p>&#8211; Alexandre Atheniense (Sette C\u00e2mara, Corr\u00eaa e Bastos Advogados Associados\/MG)<\/p>\n\n\n\n<p>&#8211; Marcio Dumas (Dumas Advogados Associados\/PR)<\/p>\n\n\n\n<p>Presidente da mesa:<\/p>\n\n\n\n<p>&#8211; Carlos Eduardo Hapner (Hapner &amp; Kroetz Advogados\/PR)<\/p>\n\n\n\n<p><strong>Coquetel de encerramento<\/strong><\/p>\n\n\n\n<p><strong><u>19h<\/u><\/strong><\/p>\n\n\n\n<p><strong>Comiss\u00e3o organizadora:<\/strong><\/p>\n\n\n\n<p>Fl\u00e1vio Augusto Prado<\/p>\n\n\n\n<p>Guilherme Kloss Neto<\/p>\n\n\n\n<p>Inai\u00e1 Botelho<\/p>\n\n\n\n<p>Laura Nogarolli<\/p>\n\n\n\n<p>Maria Am\u00e9lia Vianna<\/p>\n\n\n\n<p>Tarc\u00edsio Kroetz<\/p>\n","protected":false},"excerpt":{"rendered":"<p>Acontecer\u00e1 no dia 29\/11 (ter\u00e7a-feira), no audit\u00f3rio da OAB\/PR, o&nbsp;\u201cI Semin\u00e1rio Paranaense de Sociedades de Advogados \u2013 desafios e perspectivas para o setor\u201d. O evento \u00e9 promovido pelo Centro de Estudos das Sociedades de Advogados do Paran\u00e1 (CESA-PR) e a Comiss\u00e3o de Sociedades de Advogados da OAB-PR, ambos presididos pelo s\u00f3cio do escrit\u00f3rio, Guilherme Kloss [&hellip;]<\/p>\n","protected":false},"author":1,"featured_media":0,"comment_status":"open","ping_status":"open","sticky":false,"template":"","format":"standard","meta":{"site-sidebar-layout":"default","site-content-layout":"","ast-site-content-layout":"","site-content-style":"default","site-sidebar-style":"default","ast-global-header-display":"","ast-banner-title-visibility":"","ast-main-header-display":"","ast-hfb-above-header-display":"","ast-hfb-below-header-display":"","ast-hfb-mobile-header-display":"","site-post-title":"","ast-breadcrumbs-content":"","ast-featured-img":"","footer-sml-layout":"","theme-transparent-header-meta":"","adv-header-id-meta":"","stick-header-meta":"","header-above-stick-meta":"","header-main-stick-meta":"","header-below-stick-meta":"","astra-migrate-meta-layouts":"default","ast-page-background-enabled":"default","ast-page-background-meta":{"desktop":{"background-color":"var(--ast-global-color-4)","background-image":"","background-repeat":"repeat","background-position":"center center","background-size":"auto","background-attachment":"scroll","background-type":"","background-media":"","overlay-type":"","overlay-color":"","overlay-opacity":"","overlay-gradient":""},"tablet":{"background-color":"","background-image":"","background-repeat":"repeat","background-position":"center center","background-size":"auto","background-attachment":"scroll","background-type":"","background-media":"","overlay-type":"","overlay-color":"","overlay-opacity":"","overlay-gradient":""},"mobile":{"background-color":"","background-image":"","background-repeat":"repeat","background-position":"center center","background-size":"auto","background-attachment":"scroll","background-type":"","background-media":"","overlay-type":"","overlay-color":"","overlay-opacity":"","overlay-gradient":""}},"ast-content-background-meta":{"desktop":{"background-color":"var(--ast-global-color-5)","background-image":"","background-repeat":"repeat","background-position":"center center","background-size":"auto","background-attachment":"scroll","background-type":"","background-media":"","overlay-type":"","overlay-color":"","overlay-opacity":"","overlay-gradient":""},"tablet":{"background-color":"var(--ast-global-color-5)","background-image":"","background-repeat":"repeat","background-position":"center center","background-size":"auto","background-attachment":"scroll","background-type":"","background-media":"","overlay-type":"","overlay-color":"","overlay-opacity":"","overlay-gradient":""},"mobile":{"background-color":"var(--ast-global-color-5)","background-image":"","background-repeat":"repeat","background-position":"center center","background-size":"auto","background-attachment":"scroll","background-type":"","background-media":"","overlay-type":"","overlay-color":"","overlay-opacity":"","overlay-gradient":""}},"footnotes":""},"categories":[6],"tags":[],"class_list":["post-1477","post","type-post","status-publish","format-standard","hentry","category-noticias"],"_links":{"self":[{"href":"https:\/\/agkn.com.br\/index.php\/wp-json\/wp\/v2\/posts\/1477","targetHints":{"allow":["GET"]}}],"collection":[{"href":"https:\/\/agkn.com.br\/index.php\/wp-json\/wp\/v2\/posts"}],"about":[{"href":"https:\/\/agkn.com.br\/index.php\/wp-json\/wp\/v2\/types\/post"}],"author":[{"embeddable":true,"href":"https:\/\/agkn.com.br\/index.php\/wp-json\/wp\/v2\/users\/1"}],"replies":[{"embeddable":true,"href":"https:\/\/agkn.com.br\/index.php\/wp-json\/wp\/v2\/comments?post=1477"}],"version-history":[{"count":0,"href":"https:\/\/agkn.com.br\/index.php\/wp-json\/wp\/v2\/posts\/1477\/revisions"}],"wp:attachment":[{"href":"https:\/\/agkn.com.br\/index.php\/wp-json\/wp\/v2\/media?parent=1477"}],"wp:term":[{"taxonomy":"category","embeddable":true,"href":"https:\/\/agkn.com.br\/index.php\/wp-json\/wp\/v2\/categories?post=1477"},{"taxonomy":"post_tag","embeddable":true,"href":"https:\/\/agkn.com.br\/index.php\/wp-json\/wp\/v2\/tags?post=1477"}],"curies":[{"name":"wp","href":"https:\/\/api.w.org\/{rel}","templated":true}]}}