{"id":1347,"date":"2022-09-29T13:41:26","date_gmt":"2022-09-29T13:41:26","guid":{"rendered":"http:\/\/agnk.lidedigital.com.br\/?p=1347"},"modified":"2022-09-29T13:41:26","modified_gmt":"2022-09-29T13:41:26","slug":"programa-de-protecao-ao-emprego","status":"publish","type":"post","link":"https:\/\/agkn.com.br\/index.php\/2022\/09\/29\/programa-de-protecao-ao-emprego\/","title":{"rendered":"Programa de Prote\u00e7\u00e3o ao Emprego"},"content":{"rendered":"\n<p>A medida provis\u00f3ria editada\u00a0pelo governo, n\u00ba 680, que permite a redu\u00e7\u00e3o da jornada de trabalho do empregado com vistas a desestimular o desemprego no pa\u00eds \u2013 chamada de Programa de Prote\u00e7\u00e3o ao Emprego \u2013 prev\u00ea uma redu\u00e7\u00e3o de at\u00e9 30% da jornada e de igual diminui\u00e7\u00e3o do sal\u00e1rio, que ser\u00e1 parcialmente compensada pelo governo, que se utilizar\u00e1 de recursos do Fundo de Amparo ao Trabalhador (FAT). Explica-se: uma empresa que paga atualmente a um empregado o sal\u00e1rio de R$ 2.500,00, caso opte pela redu\u00e7\u00e3o da jornada, passar\u00e1 a pagar R$ 1.750,00 de sal\u00e1rio e o governo arcar\u00e1 com R$ 375,00, sendo que o novo sal\u00e1rio do empregado ficaria em R$ 2.125,00. Essa redu\u00e7\u00e3o dever\u00e1 ser feita mediante conven\u00e7\u00e3o coletiva ou acordo coletivo com prop\u00f3sito espec\u00edfico. A empresa que adotar esse Programa n\u00e3o poder\u00e1 demitir o empregado (que teve sua jornada reduzida) por justa causa, no per\u00edodo em que durar o\u00a0Programa, que pode ser de seis meses, prorrog\u00e1vel por per\u00edodo que n\u00e3o ultrapasse doze. Ou seja, a redu\u00e7\u00e3o n\u00e3o ser\u00e1 para sempre. Nesse caso, as contribui\u00e7\u00f5es de INSS e FGTS incidir\u00e3o sobre o sal\u00e1rio que o empregado receber\u00e1 de fato (j\u00e1 complementados com o valor do aporte feito pelo governo). No caso do exemplo acima, incidir\u00e3o sobre os R$ 2.125,00. A medida passou a vigorar imediatamente ap\u00f3s a sua publica\u00e7\u00e3o, ocorrida em 07\/07\/2015, no entanto, ainda depende de regulamenta\u00e7\u00e3o, que dever\u00e1 ser divulgada nos pr\u00f3ximos dias.\u00a0<em>por Isabella Bittencourt M\u00e4der Gon\u00e7alves Giublin<\/em><\/p>\n","protected":false},"excerpt":{"rendered":"<p>A medida provis\u00f3ria editada\u00a0pelo governo, n\u00ba 680, que permite a redu\u00e7\u00e3o da jornada de trabalho do empregado com vistas a desestimular o desemprego no pa\u00eds \u2013 <\/p>\n","protected":false},"author":1,"featured_media":0,"comment_status":"open","ping_status":"open","sticky":false,"template":"","format":"standard","meta":{"site-sidebar-layout":"default","site-content-layout":"","ast-site-content-layout":"","site-content-style":"default","site-sidebar-style":"default","ast-global-header-display":"","ast-banner-title-visibility":"","ast-main-header-display":"","ast-hfb-above-header-display":"","ast-hfb-below-header-display":"","ast-hfb-mobile-header-display":"","site-post-title":"","ast-breadcrumbs-content":"","ast-featured-img":"","footer-sml-layout":"","theme-transparent-header-meta":"","adv-header-id-meta":"","stick-header-meta":"","header-above-stick-meta":"","header-main-stick-meta":"","header-below-stick-meta":"","astra-migrate-meta-layouts":"default","ast-page-background-enabled":"default","ast-page-background-meta":{"desktop":{"background-color":"var(--ast-global-color-4)","background-image":"","background-repeat":"repeat","background-position":"center center","background-size":"auto","background-attachment":"scroll","background-type":"","background-media":"","overlay-type":"","overlay-color":"","overlay-opacity":"","overlay-gradient":""},"tablet":{"background-color":"","background-image":"","background-repeat":"repeat","background-position":"center center","background-size":"auto","background-attachment":"scroll","background-type":"","background-media":"","overlay-type":"","overlay-color":"","overlay-opacity":"","overlay-gradient":""},"mobile":{"background-color":"","background-image":"","background-repeat":"repeat","background-position":"center center","background-size":"auto","background-attachment":"scroll","background-type":"","background-media":"","overlay-type":"","overlay-color":"","overlay-opacity":"","overlay-gradient":""}},"ast-content-background-meta":{"desktop":{"background-color":"var(--ast-global-color-5)","background-image":"","background-repeat":"repeat","background-position":"center center","background-size":"auto","background-attachment":"scroll","background-type":"","background-media":"","overlay-type":"","overlay-color":"","overlay-opacity":"","overlay-gradient":""},"tablet":{"background-color":"var(--ast-global-color-5)","background-image":"","background-repeat":"repeat","background-position":"center center","background-size":"auto","background-attachment":"scroll","background-type":"","background-media":"","overlay-type":"","overlay-color":"","overlay-opacity":"","overlay-gradient":""},"mobile":{"background-color":"var(--ast-global-color-5)","background-image":"","background-repeat":"repeat","background-position":"center center","background-size":"auto","background-attachment":"scroll","background-type":"","background-media":"","overlay-type":"","overlay-color":"","overlay-opacity":"","overlay-gradient":""}},"footnotes":""},"categories":[6],"tags":[],"class_list":["post-1347","post","type-post","status-publish","format-standard","hentry","category-noticias"],"_links":{"self":[{"href":"https:\/\/agkn.com.br\/index.php\/wp-json\/wp\/v2\/posts\/1347","targetHints":{"allow":["GET"]}}],"collection":[{"href":"https:\/\/agkn.com.br\/index.php\/wp-json\/wp\/v2\/posts"}],"about":[{"href":"https:\/\/agkn.com.br\/index.php\/wp-json\/wp\/v2\/types\/post"}],"author":[{"embeddable":true,"href":"https:\/\/agkn.com.br\/index.php\/wp-json\/wp\/v2\/users\/1"}],"replies":[{"embeddable":true,"href":"https:\/\/agkn.com.br\/index.php\/wp-json\/wp\/v2\/comments?post=1347"}],"version-history":[{"count":0,"href":"https:\/\/agkn.com.br\/index.php\/wp-json\/wp\/v2\/posts\/1347\/revisions"}],"wp:attachment":[{"href":"https:\/\/agkn.com.br\/index.php\/wp-json\/wp\/v2\/media?parent=1347"}],"wp:term":[{"taxonomy":"category","embeddable":true,"href":"https:\/\/agkn.com.br\/index.php\/wp-json\/wp\/v2\/categories?post=1347"},{"taxonomy":"post_tag","embeddable":true,"href":"https:\/\/agkn.com.br\/index.php\/wp-json\/wp\/v2\/tags?post=1347"}],"curies":[{"name":"wp","href":"https:\/\/api.w.org\/{rel}","templated":true}]}}